{"id":5041,"date":"2020-09-21T12:00:40","date_gmt":"2020-09-21T11:00:40","guid":{"rendered":"http:\/\/www.radsport-boostedt.de\/wordpress\/?p=5041"},"modified":"2020-09-21T12:00:41","modified_gmt":"2020-09-21T11:00:41","slug":"rsb-rennradtour-boostedt-sehestedt-boostedt","status":"publish","type":"post","link":"http:\/\/www.radsport-boostedt.de\/wordpress\/rsb-rennradtour-boostedt-sehestedt-boostedt\/","title":{"rendered":"RSB Rennradtour: Boostedt-Sehestedt-Boostedt"},"content":{"rendered":"<p>Hallo liebe Radsportler,<\/p>\n<p>Unsere Tour \u201eBoostedt-Sehestedt-Boostedt\u201d findet am 27.09.2020 statt.<\/p>\n<p>Abfahrt um 9.00 Uhr vom Hof L\u00fcbbe.<\/p>\n<p>F\u00fcr 12.30 Uhr ist im Imbiss Sehestedt ein Tisch bestellt. Bei \u00d8&nbsp; 23 &#8211; 24 km\/h sollten wir auch rechtzeitig vor Ort sein.<\/p>\n<p>Zur Tischreservierung ben\u00f6tigt Hubertus die genaue Anzahl der Mitfahrer. Bitte bei ihm melden.<\/p>\n<p>Die Hinfahrt f\u00fchrt grob \u00fcber Gro\u00df Kummerfeld-Gro\u00dfharrie-Gro\u00dfbuchwald-Blumenthal-Schierensee-Achterwehr-Bovenau-Sehestedt (ca. 69 km).<\/p>\n<p>Die R\u00fcckfahrt f\u00fchrt grob \u00fcber Ostenfeld-Emkendorf-Gro\u00df Vollstedt-Warder-Nortorf-Timmaspe-Ehndorf-Boostedt (ca. 60 km).<\/p>\n<p>Genaue Infos \u00fcber Verlauf der Tour durch die folgenden Links:<\/p>\n<p><a href=\"https:\/\/www.bikemap.net\/de\/r\/7409448\/#9.31\/54.1849\/9.9503\">Rennradtour RSB Boostedt &#8211; Sehestedt 2020<\/a><\/p>\n<p><a href=\"https:\/\/www.bikemap.net\/de\/r\/7409306\/#9.32\/54.1855\/9.9038\">Rennradtour RSB Sehestedt &#8211; Boostedt 2020<\/a><\/p>\n<p>Mit sportlichen Gr\u00fc\u00dfen<\/p>\n<p><a href=\"http:\/\/www.radsport-boostedt.de\/wordpress\/gruenkohlessen-leider-nicht\/logo-rsb-2\/\" rel=\"attachment wp-att-4606\"><img loading=\"lazy\" decoding=\"async\" class=\"size-full wp-image-4606 alignleft\" src=\"http:\/\/www.radsport-boostedt.de\/wordpress\/wp-content\/upLoads\/2019\/11\/logo-rsb-2.jpg\" alt=\"\" width=\"125\" height=\"35\"><\/a><\/p>\n","protected":false},"excerpt":{"rendered":"<p>Hallo liebe Radsportler, Unsere Tour \u201eBoostedt-Sehestedt-Boostedt\u201d findet am 27.09.2020 statt. Abfahrt um 9.00 Uhr vom Hof L\u00fcbbe. F\u00fcr 12.30 Uhr ist im Imbiss Sehestedt ein Tisch bestellt. Bei \u00d8&nbsp; 23 &#8211; 24 km\/h sollten wir auch rechtzeitig vor Ort sein. &hellip; <a href=\"http:\/\/www.radsport-boostedt.de\/wordpress\/rsb-rennradtour-boostedt-sehestedt-boostedt\/\">Weiterlesen <span class=\"meta-nav\">&rarr;<\/span><\/a><\/p>\n","protected":false},"author":6,"featured_media":0,"comment_status":"open","ping_status":"open","sticky":false,"template":"","format":"standard","meta":{"_crdt_document":"","ngg_post_thumbnail":0,"footnotes":""},"categories":[1,7],"tags":[],"class_list":["post-5041","post","type-post","status-publish","format-standard","hentry","category-allgemein","category-veranstaltungen"],"_links":{"self":[{"href":"http:\/\/www.radsport-boostedt.de\/wordpress\/wp-json\/wp\/v2\/posts\/5041","targetHints":{"allow":["GET"]}}],"collection":[{"href":"http:\/\/www.radsport-boostedt.de\/wordpress\/wp-json\/wp\/v2\/posts"}],"about":[{"href":"http:\/\/www.radsport-boostedt.de\/wordpress\/wp-json\/wp\/v2\/types\/post"}],"author":[{"embeddable":true,"href":"http:\/\/www.radsport-boostedt.de\/wordpress\/wp-json\/wp\/v2\/users\/6"}],"replies":[{"embeddable":true,"href":"http:\/\/www.radsport-boostedt.de\/wordpress\/wp-json\/wp\/v2\/comments?post=5041"}],"version-history":[{"count":2,"href":"http:\/\/www.radsport-boostedt.de\/wordpress\/wp-json\/wp\/v2\/posts\/5041\/revisions"}],"predecessor-version":[{"id":5043,"href":"http:\/\/www.radsport-boostedt.de\/wordpress\/wp-json\/wp\/v2\/posts\/5041\/revisions\/5043"}],"wp:attachment":[{"href":"http:\/\/www.radsport-boostedt.de\/wordpress\/wp-json\/wp\/v2\/media?parent=5041"}],"wp:term":[{"taxonomy":"category","embeddable":true,"href":"http:\/\/www.radsport-boostedt.de\/wordpress\/wp-json\/wp\/v2\/categories?post=5041"},{"taxonomy":"post_tag","embeddable":true,"href":"http:\/\/www.radsport-boostedt.de\/wordpress\/wp-json\/wp\/v2\/tags?post=5041"}],"curies":[{"name":"wp","href":"https:\/\/api.w.org\/{rel}","templated":true}]}}