{"id":4507,"date":"2019-08-09T13:08:45","date_gmt":"2019-08-09T12:08:45","guid":{"rendered":"http:\/\/www.radsport-boostedt.de\/wordpress\/?p=4507"},"modified":"2019-08-09T13:08:45","modified_gmt":"2019-08-09T12:08:45","slug":"info-zum-stammtisch-august-2019","status":"publish","type":"post","link":"http:\/\/www.radsport-boostedt.de\/wordpress\/info-zum-stammtisch-august-2019\/","title":{"rendered":"Info zum Stammtisch August 2019"},"content":{"rendered":"<p>Liebe Radsportler,<\/p>\n<p>wir beschlossen, dass unsere \u201eJahresabschluss-Tour\u201c nach&nbsp; Scharbeutz&nbsp; f\u00fchren soll.&nbsp;<\/p>\n<p>Wir rechnen f\u00fcr Hin- und Zur\u00fcck mit ca. 140 km. In Scharbeutz ist eine gr\u00f6\u00dfere Rast vorgesehen.<\/p>\n<p>Zusagen bitte in der \u201eWhatsApp Gruppe\u201c oder im \u201eBlog\u201c.<\/p>\n<p><strong>Termin: 08.09.2019&nbsp;&nbsp;&nbsp;&nbsp; Treffpunkt: Boostedt\/Hof L\u00fcbbe&nbsp;&nbsp;&nbsp; Start: 9.00 Uhr<\/strong><\/p>\n<p>Diskutiert haben wir \u00fcber die&nbsp; geplante Deutschland-Tour 2020. Festgelegt haben wir uns auf den Termin 21.05.2020 bis 28.05.2020.<\/p>\n<p>Wir sind&nbsp; der Meinung, dass der Vorschlag Brandenburg\/Lausitz nicht&nbsp; 100 % zusagt. Allgemein wurde sich f\u00fcr eine Region ausgesprochen mit anspruchsvollerem Terrain.<\/p>\n<p>&nbsp;Neue Anregung:&nbsp; eine Ortschaft im Vorland des Erzgebirges. Von dort aus Tagestouren, die moderat oder auch anspruchsvoll sind.<\/p>\n<p>Vorschlag: Unterkunft in Freiburg. Touren z.B.: Freiberg \/Altenberg, Freiburg\/Glash\u00fctte, Freiburg\/Kriebstein, Freiburg\/M\u00fcglitztal .<\/p>\n<p>Beim n\u00e4chsten Stammtisch k\u00f6nnen wir vielleicht schon n\u00e4heres beschlie\u00dfen: Region\/Unterkunft\/Teilnehmer.<\/p>\n<p>Macht euch bitte Gedanken, auch \u00fcber andere Vorschl\u00e4ge.<\/p>\n<p>Sportliche Gr\u00fc\u00dfe<\/p>\n<p>Radsport Boostedt<\/p>\n","protected":false},"excerpt":{"rendered":"<p>Liebe Radsportler, wir beschlossen, dass unsere \u201eJahresabschluss-Tour\u201c nach&nbsp; Scharbeutz&nbsp; f\u00fchren soll.&nbsp; Wir rechnen f\u00fcr Hin- und Zur\u00fcck mit ca. 140 km. In Scharbeutz ist eine gr\u00f6\u00dfere Rast vorgesehen. Zusagen bitte in der \u201eWhatsApp Gruppe\u201c oder im \u201eBlog\u201c. Termin: 08.09.2019&nbsp;&nbsp;&nbsp;&nbsp; Treffpunkt: &hellip; <a href=\"http:\/\/www.radsport-boostedt.de\/wordpress\/info-zum-stammtisch-august-2019\/\">Weiterlesen <span class=\"meta-nav\">&rarr;<\/span><\/a><\/p>\n","protected":false},"author":6,"featured_media":0,"comment_status":"closed","ping_status":"open","sticky":false,"template":"","format":"standard","meta":{"_crdt_document":"","ngg_post_thumbnail":0,"footnotes":""},"categories":[4,5],"tags":[],"class_list":["post-4507","post","type-post","status-publish","format-standard","hentry","category-reisen","category-stammtisch"],"_links":{"self":[{"href":"http:\/\/www.radsport-boostedt.de\/wordpress\/wp-json\/wp\/v2\/posts\/4507","targetHints":{"allow":["GET"]}}],"collection":[{"href":"http:\/\/www.radsport-boostedt.de\/wordpress\/wp-json\/wp\/v2\/posts"}],"about":[{"href":"http:\/\/www.radsport-boostedt.de\/wordpress\/wp-json\/wp\/v2\/types\/post"}],"author":[{"embeddable":true,"href":"http:\/\/www.radsport-boostedt.de\/wordpress\/wp-json\/wp\/v2\/users\/6"}],"replies":[{"embeddable":true,"href":"http:\/\/www.radsport-boostedt.de\/wordpress\/wp-json\/wp\/v2\/comments?post=4507"}],"version-history":[{"count":4,"href":"http:\/\/www.radsport-boostedt.de\/wordpress\/wp-json\/wp\/v2\/posts\/4507\/revisions"}],"predecessor-version":[{"id":4511,"href":"http:\/\/www.radsport-boostedt.de\/wordpress\/wp-json\/wp\/v2\/posts\/4507\/revisions\/4511"}],"wp:attachment":[{"href":"http:\/\/www.radsport-boostedt.de\/wordpress\/wp-json\/wp\/v2\/media?parent=4507"}],"wp:term":[{"taxonomy":"category","embeddable":true,"href":"http:\/\/www.radsport-boostedt.de\/wordpress\/wp-json\/wp\/v2\/categories?post=4507"},{"taxonomy":"post_tag","embeddable":true,"href":"http:\/\/www.radsport-boostedt.de\/wordpress\/wp-json\/wp\/v2\/tags?post=4507"}],"curies":[{"name":"wp","href":"https:\/\/api.w.org\/{rel}","templated":true}]}}