{"id":2991,"date":"2016-08-07T23:19:53","date_gmt":"2016-08-07T21:19:53","guid":{"rendered":"http:\/\/www.radsport-boostedt.de\/?p=2991"},"modified":"2016-08-07T22:27:00","modified_gmt":"2016-08-07T21:27:00","slug":"nochmals-flensburg-tour","status":"publish","type":"post","link":"http:\/\/www.radsport-boostedt.de\/wordpress\/nochmals-flensburg-tour\/","title":{"rendered":"Nochmals Flensburg-Tour"},"content":{"rendered":"<p><span style=\"text-decoration: underline;\"><em><strong>Neue Nachricht von Karsten:<\/strong><\/em><\/span><\/p>\n<p>Hallo Volker, ich m\u00f6chte auch f\u00fcr die , die nicht in der W.App Gruppe sind, noch mal die Info auf unsere Seite eingestellt haben, dass am n\u00e4chsten Wochenende die Flensburg-Tour, also am 13.08.2016 ab 10.00 Uhr vom Hof L\u00fcbbe starten soll. Wer mit m\u00f6chte, sollte sich bitte bis Mittwoch bei mir gemeldet haben, damit ich das Grillgut und Getr\u00e4nke bestellen kann. Ich brauche eine Info, ob die Teilnehmer in Flensburg mitgrillen wollen, ob sie dort ggf. \u00fcbernachten wollen, oder eine R\u00fcckfahrgelegenheit suchen oder ev. anbieten k\u00f6nnen. Die Duschsachen und Klamotten k\u00f6nnen wie immer bis Freitag 16.00 Uhr in dem Kleinen Kaufhaus bei der Reinigungsannahme abgegeben werden. Meine Tel.Nr. ist 015127102961, oder in der Reinigung 04323\/3466.<\/p>\n<p>Liebe Gr\u00fc\u00dfe,<\/p>\n<p>Karsten<\/p>\n","protected":false},"excerpt":{"rendered":"<p>Neue Nachricht von Karsten: Hallo Volker, ich m\u00f6chte auch f\u00fcr die , die nicht in der W.App Gruppe sind, noch mal die Info auf unsere Seite eingestellt haben, dass am n\u00e4chsten Wochenende die Flensburg-Tour, also am 13.08.2016 ab 10.00 Uhr &hellip; <a href=\"http:\/\/www.radsport-boostedt.de\/wordpress\/nochmals-flensburg-tour\/\">Weiterlesen <span class=\"meta-nav\">&rarr;<\/span><\/a><\/p>\n","protected":false},"author":6,"featured_media":0,"comment_status":"open","ping_status":"open","sticky":false,"template":"","format":"standard","meta":{"_crdt_document":"","ngg_post_thumbnail":0,"footnotes":""},"categories":[7],"tags":[],"class_list":["post-2991","post","type-post","status-publish","format-standard","hentry","category-veranstaltungen"],"_links":{"self":[{"href":"http:\/\/www.radsport-boostedt.de\/wordpress\/wp-json\/wp\/v2\/posts\/2991","targetHints":{"allow":["GET"]}}],"collection":[{"href":"http:\/\/www.radsport-boostedt.de\/wordpress\/wp-json\/wp\/v2\/posts"}],"about":[{"href":"http:\/\/www.radsport-boostedt.de\/wordpress\/wp-json\/wp\/v2\/types\/post"}],"author":[{"embeddable":true,"href":"http:\/\/www.radsport-boostedt.de\/wordpress\/wp-json\/wp\/v2\/users\/6"}],"replies":[{"embeddable":true,"href":"http:\/\/www.radsport-boostedt.de\/wordpress\/wp-json\/wp\/v2\/comments?post=2991"}],"version-history":[{"count":6,"href":"http:\/\/www.radsport-boostedt.de\/wordpress\/wp-json\/wp\/v2\/posts\/2991\/revisions"}],"predecessor-version":[{"id":2995,"href":"http:\/\/www.radsport-boostedt.de\/wordpress\/wp-json\/wp\/v2\/posts\/2991\/revisions\/2995"}],"wp:attachment":[{"href":"http:\/\/www.radsport-boostedt.de\/wordpress\/wp-json\/wp\/v2\/media?parent=2991"}],"wp:term":[{"taxonomy":"category","embeddable":true,"href":"http:\/\/www.radsport-boostedt.de\/wordpress\/wp-json\/wp\/v2\/categories?post=2991"},{"taxonomy":"post_tag","embeddable":true,"href":"http:\/\/www.radsport-boostedt.de\/wordpress\/wp-json\/wp\/v2\/tags?post=2991"}],"curies":[{"name":"wp","href":"https:\/\/api.w.org\/{rel}","templated":true}]}}