{"id":2513,"date":"2015-03-06T13:04:59","date_gmt":"2015-03-06T11:04:59","guid":{"rendered":"http:\/\/www.radsport-boostedt.de\/?p=2513"},"modified":"2015-03-06T13:04:59","modified_gmt":"2015-03-06T11:04:59","slug":"infos-zum-stammtisch-vom-5-3-2015","status":"publish","type":"post","link":"http:\/\/www.radsport-boostedt.de\/wordpress\/infos-zum-stammtisch-vom-5-3-2015\/","title":{"rendered":"Infos zum Stammtisch vom 5.3.2015"},"content":{"rendered":"<p>Hallo Radsportler,<br \/>\nich habe mich sehr \u00fcber die gro\u00dfe Beteiligung am gestrigen Stammtisch gefreut.<br \/>\nFolgendes wurde besprochen.<\/p>\n<p><strong>Saisonstart 2015<\/strong><br \/>\nDer Saisonstart wurde nun gestern wegen dem schlechten Wetters letzte Woche auf den 8.3.2015 gelegt. Treffpunkt 10.00 Uhr<\/p>\n<p><strong>Deutschland-Tour &#8211; Jubil\u00e4umstour 2016<\/strong><br \/>\nDie Strecke steht soweit fest und das Datum 13.5.-22.5.2016 ist auch relativ fest geblockt.<br \/>\nJ\u00f6rn m\u00f6chte rechtzeitig anfangen die Unterkunftsfrage zu kl\u00e4ren und bat mich dies hier im Blog bekanntzugeben:<br \/>\nBitte alle Interessierten bei J\u00f6rn bis Mitte April melden, mit der Angabe ob Doppelzimmer oder Einzelzimmer gew\u00fcnscht wird. Vielen Dank.<br \/>\nBitte direkt an J\u00f6rn unter dieser email: <a href=\"mailto:eljobo@versanet.de\">eljobo@versanet.de <\/a><\/p>\n<p><strong>WhatsApp-Gruppe Radsport Boostedt<\/strong><br \/>\nWhatsApp hat sich als relativ gutes und schnelles Kommunikationsmittel erwiesen. Es gibt auch eine Radsport-Boostedt Gruppe. Wer aufgenommen werden m\u00f6chte und ein Smartphone hat der kann mir gern nochmal seine Handynummer senden und wird dann von mir eingepflegt. So kann man schnell mal Trainingsabsprachen treffen bzw. Termin\u00e4nderungen bekanntgeben. Denn das Handy hat man schneller parat als den Rechner\/Laptop<\/p>\n<p>In diesem Sinne<br \/>\nsportliche Gr\u00fc\u00dfe und auf eine unfallfreie Saison 2015<br \/>\nFrank<\/p>\n","protected":false},"excerpt":{"rendered":"<p>Hallo Radsportler, ich habe mich sehr \u00fcber die gro\u00dfe Beteiligung am gestrigen Stammtisch gefreut. Folgendes wurde besprochen. Saisonstart 2015 Der Saisonstart wurde nun gestern wegen dem schlechten Wetters letzte Woche auf den 8.3.2015 gelegt. Treffpunkt 10.00 Uhr Deutschland-Tour &#8211; Jubil\u00e4umstour &hellip; <a href=\"http:\/\/www.radsport-boostedt.de\/wordpress\/infos-zum-stammtisch-vom-5-3-2015\/\">Weiterlesen <span class=\"meta-nav\">&rarr;<\/span><\/a><\/p>\n","protected":false},"author":1,"featured_media":0,"comment_status":"open","ping_status":"open","sticky":false,"template":"","format":"standard","meta":{"_crdt_document":"","ngg_post_thumbnail":0,"footnotes":""},"categories":[1,5],"tags":[],"class_list":["post-2513","post","type-post","status-publish","format-standard","hentry","category-allgemein","category-stammtisch"],"_links":{"self":[{"href":"http:\/\/www.radsport-boostedt.de\/wordpress\/wp-json\/wp\/v2\/posts\/2513","targetHints":{"allow":["GET"]}}],"collection":[{"href":"http:\/\/www.radsport-boostedt.de\/wordpress\/wp-json\/wp\/v2\/posts"}],"about":[{"href":"http:\/\/www.radsport-boostedt.de\/wordpress\/wp-json\/wp\/v2\/types\/post"}],"author":[{"embeddable":true,"href":"http:\/\/www.radsport-boostedt.de\/wordpress\/wp-json\/wp\/v2\/users\/1"}],"replies":[{"embeddable":true,"href":"http:\/\/www.radsport-boostedt.de\/wordpress\/wp-json\/wp\/v2\/comments?post=2513"}],"version-history":[{"count":1,"href":"http:\/\/www.radsport-boostedt.de\/wordpress\/wp-json\/wp\/v2\/posts\/2513\/revisions"}],"predecessor-version":[{"id":2514,"href":"http:\/\/www.radsport-boostedt.de\/wordpress\/wp-json\/wp\/v2\/posts\/2513\/revisions\/2514"}],"wp:attachment":[{"href":"http:\/\/www.radsport-boostedt.de\/wordpress\/wp-json\/wp\/v2\/media?parent=2513"}],"wp:term":[{"taxonomy":"category","embeddable":true,"href":"http:\/\/www.radsport-boostedt.de\/wordpress\/wp-json\/wp\/v2\/categories?post=2513"},{"taxonomy":"post_tag","embeddable":true,"href":"http:\/\/www.radsport-boostedt.de\/wordpress\/wp-json\/wp\/v2\/tags?post=2513"}],"curies":[{"name":"wp","href":"https:\/\/api.w.org\/{rel}","templated":true}]}}