{"id":2499,"date":"2015-03-01T09:35:10","date_gmt":"2015-03-01T07:35:10","guid":{"rendered":"http:\/\/www.radsport-boostedt.de\/?p=2499"},"modified":"2015-03-01T09:36:04","modified_gmt":"2015-03-01T07:36:04","slug":"saisonstart-verschoben","status":"publish","type":"post","link":"http:\/\/www.radsport-boostedt.de\/wordpress\/saisonstart-verschoben\/","title":{"rendered":"Saisonstart verschoben"},"content":{"rendered":"<p>Hallo Radsportler,<br \/>\naufgrund des relativ schlechten Wetters verschieben wir den Saisonstart um eine Woche je nach Wittterung auf Samstag oder Sonntag. Mehr dann kurzfristig. Falls trotzdem jemand fahren sollte. Viel Spa\u00df.<\/p>\n<p>Sportliche gr\u00fc\u00dfe<br \/>\nFrank<\/p>\n","protected":false},"excerpt":{"rendered":"<p>Hallo Radsportler, aufgrund des relativ schlechten Wetters verschieben wir den Saisonstart um eine Woche je nach Wittterung auf Samstag oder Sonntag. Mehr dann kurzfristig. Falls trotzdem jemand fahren sollte. Viel Spa\u00df. Sportliche gr\u00fc\u00dfe Frank<\/p>\n","protected":false},"author":1,"featured_media":0,"comment_status":"closed","ping_status":"open","sticky":false,"template":"","format":"standard","meta":{"_crdt_document":"","ngg_post_thumbnail":0,"footnotes":""},"categories":[1],"tags":[],"class_list":["post-2499","post","type-post","status-publish","format-standard","hentry","category-allgemein"],"_links":{"self":[{"href":"http:\/\/www.radsport-boostedt.de\/wordpress\/wp-json\/wp\/v2\/posts\/2499","targetHints":{"allow":["GET"]}}],"collection":[{"href":"http:\/\/www.radsport-boostedt.de\/wordpress\/wp-json\/wp\/v2\/posts"}],"about":[{"href":"http:\/\/www.radsport-boostedt.de\/wordpress\/wp-json\/wp\/v2\/types\/post"}],"author":[{"embeddable":true,"href":"http:\/\/www.radsport-boostedt.de\/wordpress\/wp-json\/wp\/v2\/users\/1"}],"replies":[{"embeddable":true,"href":"http:\/\/www.radsport-boostedt.de\/wordpress\/wp-json\/wp\/v2\/comments?post=2499"}],"version-history":[{"count":4,"href":"http:\/\/www.radsport-boostedt.de\/wordpress\/wp-json\/wp\/v2\/posts\/2499\/revisions"}],"predecessor-version":[{"id":2503,"href":"http:\/\/www.radsport-boostedt.de\/wordpress\/wp-json\/wp\/v2\/posts\/2499\/revisions\/2503"}],"wp:attachment":[{"href":"http:\/\/www.radsport-boostedt.de\/wordpress\/wp-json\/wp\/v2\/media?parent=2499"}],"wp:term":[{"taxonomy":"category","embeddable":true,"href":"http:\/\/www.radsport-boostedt.de\/wordpress\/wp-json\/wp\/v2\/categories?post=2499"},{"taxonomy":"post_tag","embeddable":true,"href":"http:\/\/www.radsport-boostedt.de\/wordpress\/wp-json\/wp\/v2\/tags?post=2499"}],"curies":[{"name":"wp","href":"https:\/\/api.w.org\/{rel}","templated":true}]}}