{"id":2497,"date":"2015-02-25T20:08:43","date_gmt":"2015-02-25T18:08:43","guid":{"rendered":"http:\/\/www.radsport-boostedt.de\/?p=2497"},"modified":"2015-02-25T20:08:43","modified_gmt":"2015-02-25T18:08:43","slug":"saisonstart-2015","status":"publish","type":"post","link":"http:\/\/www.radsport-boostedt.de\/wordpress\/saisonstart-2015\/","title":{"rendered":"Saisonstart 2015"},"content":{"rendered":"<p>Hallo Radsportler,<br \/>\nund schon ist es wieder soweit. Die Sasion 2015 startet, und zwar am Sonntag, 1.M\u00e4rz 2015 um 10.00 Uhr am Hof L\u00fcbbe. Ich hoffe auf gutes Wetter und gro\u00dfe Beteiligung. Bis Sonntag. Bei leichtem Regen wird gefahren. Sollte es aus Eimern sch\u00fctten, wird es um eine Woche verschoben.<\/p>\n<p>Sportliche Gr\u00fc\u00dfe<br \/>\nFrank<\/p>\n","protected":false},"excerpt":{"rendered":"<p>Hallo Radsportler, und schon ist es wieder soweit. Die Sasion 2015 startet, und zwar am Sonntag, 1.M\u00e4rz 2015 um 10.00 Uhr am Hof L\u00fcbbe. Ich hoffe auf gutes Wetter und gro\u00dfe Beteiligung. Bis Sonntag. Bei leichtem Regen wird gefahren. Sollte &hellip; <a href=\"http:\/\/www.radsport-boostedt.de\/wordpress\/saisonstart-2015\/\">Weiterlesen <span class=\"meta-nav\">&rarr;<\/span><\/a><\/p>\n","protected":false},"author":1,"featured_media":0,"comment_status":"open","ping_status":"open","sticky":false,"template":"","format":"standard","meta":{"_crdt_document":"","ngg_post_thumbnail":0,"footnotes":""},"categories":[1],"tags":[],"class_list":["post-2497","post","type-post","status-publish","format-standard","hentry","category-allgemein"],"_links":{"self":[{"href":"http:\/\/www.radsport-boostedt.de\/wordpress\/wp-json\/wp\/v2\/posts\/2497","targetHints":{"allow":["GET"]}}],"collection":[{"href":"http:\/\/www.radsport-boostedt.de\/wordpress\/wp-json\/wp\/v2\/posts"}],"about":[{"href":"http:\/\/www.radsport-boostedt.de\/wordpress\/wp-json\/wp\/v2\/types\/post"}],"author":[{"embeddable":true,"href":"http:\/\/www.radsport-boostedt.de\/wordpress\/wp-json\/wp\/v2\/users\/1"}],"replies":[{"embeddable":true,"href":"http:\/\/www.radsport-boostedt.de\/wordpress\/wp-json\/wp\/v2\/comments?post=2497"}],"version-history":[{"count":1,"href":"http:\/\/www.radsport-boostedt.de\/wordpress\/wp-json\/wp\/v2\/posts\/2497\/revisions"}],"predecessor-version":[{"id":2498,"href":"http:\/\/www.radsport-boostedt.de\/wordpress\/wp-json\/wp\/v2\/posts\/2497\/revisions\/2498"}],"wp:attachment":[{"href":"http:\/\/www.radsport-boostedt.de\/wordpress\/wp-json\/wp\/v2\/media?parent=2497"}],"wp:term":[{"taxonomy":"category","embeddable":true,"href":"http:\/\/www.radsport-boostedt.de\/wordpress\/wp-json\/wp\/v2\/categories?post=2497"},{"taxonomy":"post_tag","embeddable":true,"href":"http:\/\/www.radsport-boostedt.de\/wordpress\/wp-json\/wp\/v2\/tags?post=2497"}],"curies":[{"name":"wp","href":"https:\/\/api.w.org\/{rel}","templated":true}]}}