{"id":2493,"date":"2015-02-16T01:02:45","date_gmt":"2015-02-15T23:02:45","guid":{"rendered":"http:\/\/www.radsport-boostedt.de\/?p=2493"},"modified":"2015-02-16T01:02:45","modified_gmt":"2015-02-15T23:02:45","slug":"mallorca-reise-vom-14-03-15-bis-21-03-15","status":"publish","type":"post","link":"http:\/\/www.radsport-boostedt.de\/wordpress\/mallorca-reise-vom-14-03-15-bis-21-03-15\/","title":{"rendered":"Mallorca-Reise vom 14.03.15 bis 21.03.15"},"content":{"rendered":"<p>Hallo liebe Radsportler,<\/p>\n<p>leider haben wir einen Ausfall.<\/p>\n<p>Krankheitsbedingt kann Ralf die festgebuchte Reise nicht antreten. Es w\u00e4re sch\u00f6n, wenn jemand f\u00fcr ihn einspringen k\u00f6nnte.<\/p>\n<p>Bei Interesse bitte Peter, Fliegner kontaktieren, Telefon 0172\/4572661.<\/p>\n<p>Mit sportlichen Gr\u00fc\u00dfen<\/p>\n<p>Peter<\/p>\n","protected":false},"excerpt":{"rendered":"<p>Hallo liebe Radsportler, leider haben wir einen Ausfall. Krankheitsbedingt kann Ralf die festgebuchte Reise nicht antreten. Es w\u00e4re sch\u00f6n, wenn jemand f\u00fcr ihn einspringen k\u00f6nnte. Bei Interesse bitte Peter, Fliegner kontaktieren, Telefon 0172\/4572661. Mit sportlichen Gr\u00fc\u00dfen Peter<\/p>\n","protected":false},"author":6,"featured_media":0,"comment_status":"closed","ping_status":"open","sticky":false,"template":"","format":"standard","meta":{"_crdt_document":"","ngg_post_thumbnail":0,"footnotes":""},"categories":[4],"tags":[],"class_list":["post-2493","post","type-post","status-publish","format-standard","hentry","category-reisen"],"_links":{"self":[{"href":"http:\/\/www.radsport-boostedt.de\/wordpress\/wp-json\/wp\/v2\/posts\/2493","targetHints":{"allow":["GET"]}}],"collection":[{"href":"http:\/\/www.radsport-boostedt.de\/wordpress\/wp-json\/wp\/v2\/posts"}],"about":[{"href":"http:\/\/www.radsport-boostedt.de\/wordpress\/wp-json\/wp\/v2\/types\/post"}],"author":[{"embeddable":true,"href":"http:\/\/www.radsport-boostedt.de\/wordpress\/wp-json\/wp\/v2\/users\/6"}],"replies":[{"embeddable":true,"href":"http:\/\/www.radsport-boostedt.de\/wordpress\/wp-json\/wp\/v2\/comments?post=2493"}],"version-history":[{"count":2,"href":"http:\/\/www.radsport-boostedt.de\/wordpress\/wp-json\/wp\/v2\/posts\/2493\/revisions"}],"predecessor-version":[{"id":2495,"href":"http:\/\/www.radsport-boostedt.de\/wordpress\/wp-json\/wp\/v2\/posts\/2493\/revisions\/2495"}],"wp:attachment":[{"href":"http:\/\/www.radsport-boostedt.de\/wordpress\/wp-json\/wp\/v2\/media?parent=2493"}],"wp:term":[{"taxonomy":"category","embeddable":true,"href":"http:\/\/www.radsport-boostedt.de\/wordpress\/wp-json\/wp\/v2\/categories?post=2493"},{"taxonomy":"post_tag","embeddable":true,"href":"http:\/\/www.radsport-boostedt.de\/wordpress\/wp-json\/wp\/v2\/tags?post=2493"}],"curies":[{"name":"wp","href":"https:\/\/api.w.org\/{rel}","templated":true}]}}