{"id":2464,"date":"2015-01-21T14:37:52","date_gmt":"2015-01-21T12:37:52","guid":{"rendered":"http:\/\/www.radsport-boostedt.de\/?p=2464"},"modified":"2015-01-21T14:37:52","modified_gmt":"2015-01-21T12:37:52","slug":"infos-zum-stammtisch-vom-15-01-2015","status":"publish","type":"post","link":"http:\/\/www.radsport-boostedt.de\/wordpress\/infos-zum-stammtisch-vom-15-01-2015\/","title":{"rendered":"Infos zum Stammtisch vom 15.01.2015"},"content":{"rendered":"<p>Hallo Radsportler,<\/p>\n<p>hier die Infos zum letzten Stammtisch. Habe mich gefreut das wieder viele da waren.<\/p>\n<p><strong>Saisonstart: <\/strong><br \/>\nAm 4.3.2015, also ein Samstag, beginnt nat\u00fcrlich je nach Wetterlage die Saison 2015. Also schon mal notieren. Treffpunkt 14.00 Uhr Hof L\u00fcbbe<br \/>\n<strong><br \/>\nSommerfest 2015<\/strong><br \/>\nDieses Jahr wird es eine zweite Auflage des Sommerfestes geben. Bernhardt m\u00f6chte dies gerne ausrichten. Ein Termin steht auch schon fest: 04. Juli 2015.<br \/>\nVorweg wieder eine kleine Radtour mit Frau\/Freundin\/Partnerin, anschliessend wieder sch\u00f6n lecker Grillen. N\u00e4here Infos gibt es dann Anfang Juni.<\/p>\n<p><strong>Kleine Ausfahrt<\/strong><br \/>\nEs wurde kurz \u00fcber eine kleine Ausfahrt (mehrere Tage) zu einem nahegelegenen Ziel gesprochen doch konkret wurde sich noch auf kein Ziel und Datum geeinigt. Vielleicht passt ja Himmelfahrt 14.5. K\u00f6nnen wir ja am n\u00e4chsten Stammtisch noch mal aufgreifen. Bis dahin kann sich ja jeder ein paar Gedanken machen.<\/p>\n<p><strong>Nordcup Radmarathon<\/strong><br \/>\nEs besteht Interesse bei einigen Fahrern die Nordcup-Serie zu fahren, zumindestens einige davon. W\u00e4re am n\u00e4chsten Stammtisch auch nochmal erw\u00e4hnenswert. Ansonsten gibt es hier Infos dazu <a href=\"http:\/\/www.nordcup-radmarathon.de\" target=\"_blank\">www.nordcup-radmarathon.de<\/a><\/p>\n<p><strong>Stammtisch<\/strong><br \/>\nN\u00e4chster Stammtisch am 05.02.2015, Anno 1819, 20.00 Uhr<\/p>\n<p><strong>Silvesterausfahrt 2014<\/strong><br \/>\nNoch mal ein Dankesch\u00f6n an Gunther und Angela f\u00fcr die Ausrichtung und den freundlichen Empfang der Silvesterausfahrt 2014. War sehr lecker&#8230;.:-)<br \/>\nF\u00fcr 2015 steht Udo schon in den Startl\u00f6chern&#8230;<\/p>\n<p>Das war es erstmal<br \/>\nSportliche Gr\u00fc\u00dfe<br \/>\nFrank<\/p>\n","protected":false},"excerpt":{"rendered":"<p>Hallo Radsportler, hier die Infos zum letzten Stammtisch. Habe mich gefreut das wieder viele da waren. Saisonstart: Am 4.3.2015, also ein Samstag, beginnt nat\u00fcrlich je nach Wetterlage die Saison 2015. Also schon mal notieren. Treffpunkt 14.00 Uhr Hof L\u00fcbbe Sommerfest &hellip; <a href=\"http:\/\/www.radsport-boostedt.de\/wordpress\/infos-zum-stammtisch-vom-15-01-2015\/\">Weiterlesen <span class=\"meta-nav\">&rarr;<\/span><\/a><\/p>\n","protected":false},"author":1,"featured_media":0,"comment_status":"closed","ping_status":"open","sticky":false,"template":"","format":"standard","meta":{"_crdt_document":"","ngg_post_thumbnail":0,"footnotes":""},"categories":[1,5],"tags":[],"class_list":["post-2464","post","type-post","status-publish","format-standard","hentry","category-allgemein","category-stammtisch"],"_links":{"self":[{"href":"http:\/\/www.radsport-boostedt.de\/wordpress\/wp-json\/wp\/v2\/posts\/2464","targetHints":{"allow":["GET"]}}],"collection":[{"href":"http:\/\/www.radsport-boostedt.de\/wordpress\/wp-json\/wp\/v2\/posts"}],"about":[{"href":"http:\/\/www.radsport-boostedt.de\/wordpress\/wp-json\/wp\/v2\/types\/post"}],"author":[{"embeddable":true,"href":"http:\/\/www.radsport-boostedt.de\/wordpress\/wp-json\/wp\/v2\/users\/1"}],"replies":[{"embeddable":true,"href":"http:\/\/www.radsport-boostedt.de\/wordpress\/wp-json\/wp\/v2\/comments?post=2464"}],"version-history":[{"count":1,"href":"http:\/\/www.radsport-boostedt.de\/wordpress\/wp-json\/wp\/v2\/posts\/2464\/revisions"}],"predecessor-version":[{"id":2465,"href":"http:\/\/www.radsport-boostedt.de\/wordpress\/wp-json\/wp\/v2\/posts\/2464\/revisions\/2465"}],"wp:attachment":[{"href":"http:\/\/www.radsport-boostedt.de\/wordpress\/wp-json\/wp\/v2\/media?parent=2464"}],"wp:term":[{"taxonomy":"category","embeddable":true,"href":"http:\/\/www.radsport-boostedt.de\/wordpress\/wp-json\/wp\/v2\/categories?post=2464"},{"taxonomy":"post_tag","embeddable":true,"href":"http:\/\/www.radsport-boostedt.de\/wordpress\/wp-json\/wp\/v2\/tags?post=2464"}],"curies":[{"name":"wp","href":"https:\/\/api.w.org\/{rel}","templated":true}]}}