{"id":1896,"date":"2013-11-08T20:43:51","date_gmt":"2013-11-08T18:43:51","guid":{"rendered":"http:\/\/www.radsport-boostedt.de\/?p=1896"},"modified":"2013-11-08T20:43:51","modified_gmt":"2013-11-08T18:43:51","slug":"infos-zum-stammtisch-am-07-11-2013","status":"publish","type":"post","link":"http:\/\/www.radsport-boostedt.de\/wordpress\/infos-zum-stammtisch-am-07-11-2013\/","title":{"rendered":"Infos zum Stammtisch am 07.11.2013"},"content":{"rendered":"<p>Hallo Radsportler,<\/p>\n<p>hier kurze Infos zum Stammtisch:<\/p>\n<p><strong>Gr\u00fcnkohlessen<\/strong><br \/>\nIch habe jetzt 22 feste Anmeldungen + 2 eventuelle Teilnahmen.<br \/>\nIch bitte diejenigen, die keinen Gr\u00fcnkohl essen wollen um eigenst\u00e4ndige Bestellung des gew\u00fcnschten Essen bis sp\u00e4testens <strong>15.11.2013<\/strong> &#8211; Telefon 04393 1343. Nachmeldungen ebenfalls eigenst\u00e4ndig bis zum genannten Datum.<br \/>\nNochmal die Uhrzeit und das Datum.<br \/>\n22.11.2013, 19.30 &#8211; Gasthof zur Eiche in Braak<\/p>\n<p><strong>Radreise Sonthofen<\/strong><br \/>\nVolker hat jetzt 11 Doppelzimmer gebucht f\u00fcr die Reise nach Sonthofen im Mai.<\/p>\n<p><strong>Silvesterausfahrt<\/strong><br \/>\nDie diesj\u00e4hrige Silvesterausfahrt mit anschlie\u00dfenden Berlinern und Punsch findet bei Marion + Peter statt. Geplant ist eine 1-st\u00fcndige Ausfahrt. Die Strecke wird Peter ausarbeiten. Geplant ist Abfahrt um 14.00 bei Peter, so das wir um 15.00 Uhr wieder da sind. Verbindliche Teilnahmen frage ich am n\u00e4chsten Stammtisch dem 5.12.2013 ab.<\/p>\n<p>So das war kurz und schmerzlos&#8230;:-)<br \/>\nSportliche Gr\u00fc\u00dfe<br \/>\nFrank<\/p>\n","protected":false},"excerpt":{"rendered":"<p>Hallo Radsportler, hier kurze Infos zum Stammtisch: Gr\u00fcnkohlessen Ich habe jetzt 22 feste Anmeldungen + 2 eventuelle Teilnahmen. Ich bitte diejenigen, die keinen Gr\u00fcnkohl essen wollen um eigenst\u00e4ndige Bestellung des gew\u00fcnschten Essen bis sp\u00e4testens 15.11.2013 &#8211; Telefon 04393 1343. Nachmeldungen &hellip; <a href=\"http:\/\/www.radsport-boostedt.de\/wordpress\/infos-zum-stammtisch-am-07-11-2013\/\">Weiterlesen <span class=\"meta-nav\">&rarr;<\/span><\/a><\/p>\n","protected":false},"author":1,"featured_media":0,"comment_status":"closed","ping_status":"open","sticky":false,"template":"","format":"standard","meta":{"_crdt_document":"","ngg_post_thumbnail":0,"footnotes":""},"categories":[1,5],"tags":[],"class_list":["post-1896","post","type-post","status-publish","format-standard","hentry","category-allgemein","category-stammtisch"],"_links":{"self":[{"href":"http:\/\/www.radsport-boostedt.de\/wordpress\/wp-json\/wp\/v2\/posts\/1896","targetHints":{"allow":["GET"]}}],"collection":[{"href":"http:\/\/www.radsport-boostedt.de\/wordpress\/wp-json\/wp\/v2\/posts"}],"about":[{"href":"http:\/\/www.radsport-boostedt.de\/wordpress\/wp-json\/wp\/v2\/types\/post"}],"author":[{"embeddable":true,"href":"http:\/\/www.radsport-boostedt.de\/wordpress\/wp-json\/wp\/v2\/users\/1"}],"replies":[{"embeddable":true,"href":"http:\/\/www.radsport-boostedt.de\/wordpress\/wp-json\/wp\/v2\/comments?post=1896"}],"version-history":[{"count":1,"href":"http:\/\/www.radsport-boostedt.de\/wordpress\/wp-json\/wp\/v2\/posts\/1896\/revisions"}],"predecessor-version":[{"id":1897,"href":"http:\/\/www.radsport-boostedt.de\/wordpress\/wp-json\/wp\/v2\/posts\/1896\/revisions\/1897"}],"wp:attachment":[{"href":"http:\/\/www.radsport-boostedt.de\/wordpress\/wp-json\/wp\/v2\/media?parent=1896"}],"wp:term":[{"taxonomy":"category","embeddable":true,"href":"http:\/\/www.radsport-boostedt.de\/wordpress\/wp-json\/wp\/v2\/categories?post=1896"},{"taxonomy":"post_tag","embeddable":true,"href":"http:\/\/www.radsport-boostedt.de\/wordpress\/wp-json\/wp\/v2\/tags?post=1896"}],"curies":[{"name":"wp","href":"https:\/\/api.w.org\/{rel}","templated":true}]}}