{"id":1677,"date":"2013-06-25T18:27:28","date_gmt":"2013-06-25T16:27:28","guid":{"rendered":"http:\/\/www.radsport-boostedt.de\/?p=1677"},"modified":"2013-06-25T18:27:28","modified_gmt":"2013-06-25T16:27:28","slug":"reisen-2014","status":"publish","type":"post","link":"http:\/\/www.radsport-boostedt.de\/wordpress\/reisen-2014\/","title":{"rendered":"Reisen 2014"},"content":{"rendered":"<p>Hallo,<\/p>\n<p>hier einige Vorschl\u00e4ge f\u00fcr eine Gemeinsame Radreise.<br \/>\n1. Alpen\u00fcberquerung ende Juni.<br \/>\n2. 1 Woche im Mai in die Eifel<br \/>\n3. 1Woche im M\u00e4rz\/April nach Andalusien<\/p>\n<p>weitere Anregungen erw\u00fcnscht.<\/p>\n<p>Gru\u00df Gunther<\/p>\n","protected":false},"excerpt":{"rendered":"<p>Hallo, hier einige Vorschl\u00e4ge f\u00fcr eine Gemeinsame Radreise. 1. Alpen\u00fcberquerung ende Juni. 2. 1 Woche im Mai in die Eifel 3. 1Woche im M\u00e4rz\/April nach Andalusien weitere Anregungen erw\u00fcnscht. Gru\u00df Gunther<\/p>\n","protected":false},"author":5,"featured_media":0,"comment_status":"open","ping_status":"open","sticky":false,"template":"","format":"standard","meta":{"_crdt_document":"","ngg_post_thumbnail":0,"footnotes":""},"categories":[4],"tags":[],"class_list":["post-1677","post","type-post","status-publish","format-standard","hentry","category-reisen"],"_links":{"self":[{"href":"http:\/\/www.radsport-boostedt.de\/wordpress\/wp-json\/wp\/v2\/posts\/1677","targetHints":{"allow":["GET"]}}],"collection":[{"href":"http:\/\/www.radsport-boostedt.de\/wordpress\/wp-json\/wp\/v2\/posts"}],"about":[{"href":"http:\/\/www.radsport-boostedt.de\/wordpress\/wp-json\/wp\/v2\/types\/post"}],"author":[{"embeddable":true,"href":"http:\/\/www.radsport-boostedt.de\/wordpress\/wp-json\/wp\/v2\/users\/5"}],"replies":[{"embeddable":true,"href":"http:\/\/www.radsport-boostedt.de\/wordpress\/wp-json\/wp\/v2\/comments?post=1677"}],"version-history":[{"count":2,"href":"http:\/\/www.radsport-boostedt.de\/wordpress\/wp-json\/wp\/v2\/posts\/1677\/revisions"}],"predecessor-version":[{"id":1679,"href":"http:\/\/www.radsport-boostedt.de\/wordpress\/wp-json\/wp\/v2\/posts\/1677\/revisions\/1679"}],"wp:attachment":[{"href":"http:\/\/www.radsport-boostedt.de\/wordpress\/wp-json\/wp\/v2\/media?parent=1677"}],"wp:term":[{"taxonomy":"category","embeddable":true,"href":"http:\/\/www.radsport-boostedt.de\/wordpress\/wp-json\/wp\/v2\/categories?post=1677"},{"taxonomy":"post_tag","embeddable":true,"href":"http:\/\/www.radsport-boostedt.de\/wordpress\/wp-json\/wp\/v2\/tags?post=1677"}],"curies":[{"name":"wp","href":"https:\/\/api.w.org\/{rel}","templated":true}]}}