{"id":1355,"date":"2012-09-26T09:55:22","date_gmt":"2012-09-26T08:55:22","guid":{"rendered":"http:\/\/www.radsport-boostedt.de\/?p=1355"},"modified":"2012-09-26T09:55:22","modified_gmt":"2012-09-26T08:55:22","slug":"rtf-klassiker-almabtrieb-2012","status":"publish","type":"post","link":"http:\/\/www.radsport-boostedt.de\/wordpress\/rtf-klassiker-almabtrieb-2012\/","title":{"rendered":"RTF-Klassiker &#8222;ALMABTRIEB 2012&#8220;"},"content":{"rendered":"<p>Hallo Radsportler,<\/p>\n<p>Die RTF-Saison endet in Schleswig-Holstein mit dem &#8222;Almabtrieb&#8220; in Kiel. Der Termin, <strong>Mittwoch <\/strong><strong>0<\/strong><strong>3.10.12<\/strong> (Tag der Deutschen Einheit).<\/p>\n<p>Die RTF findet wie immer in Schwentinental\/Ortsteil Raisdorf statt. Bei dieser RTF werden Strecken \u00fcber 43, 74, 113 und 152 Kilometer angeboten. Gestartet wird von 09.00 bis 11.00 Uhr an der Uttoxeter-Halle, Am See, 24233 Schwentinental.<\/p>\n<p>Wenn das Wetter mitspielt, und noch jemand mitf\u00e4hrt, w\u00fcrde ich diese RTF fahren. Treffpunkt w\u00e4re am Hof L\u00fcbbe, 03.10.2012 um <strong>7.30 Uhr<\/strong>.<\/p>\n<p>Mit sportlichen Gr\u00fc\u00dfen Volker<\/p>\n","protected":false},"excerpt":{"rendered":"<p>Hallo Radsportler, Die RTF-Saison endet in Schleswig-Holstein mit dem &#8222;Almabtrieb&#8220; in Kiel. Der Termin, Mittwoch 03.10.12 (Tag der Deutschen Einheit). Die RTF findet wie immer in Schwentinental\/Ortsteil Raisdorf statt. Bei dieser RTF werden Strecken \u00fcber 43, 74, 113 und 152 &hellip; <a href=\"http:\/\/www.radsport-boostedt.de\/wordpress\/rtf-klassiker-almabtrieb-2012\/\">Weiterlesen <span class=\"meta-nav\">&rarr;<\/span><\/a><\/p>\n","protected":false},"author":6,"featured_media":0,"comment_status":"open","ping_status":"open","sticky":false,"template":"","format":"standard","meta":{"_crdt_document":"","ngg_post_thumbnail":0,"footnotes":""},"categories":[3],"tags":[],"class_list":["post-1355","post","type-post","status-publish","format-standard","hentry","category-rtf"],"_links":{"self":[{"href":"http:\/\/www.radsport-boostedt.de\/wordpress\/wp-json\/wp\/v2\/posts\/1355","targetHints":{"allow":["GET"]}}],"collection":[{"href":"http:\/\/www.radsport-boostedt.de\/wordpress\/wp-json\/wp\/v2\/posts"}],"about":[{"href":"http:\/\/www.radsport-boostedt.de\/wordpress\/wp-json\/wp\/v2\/types\/post"}],"author":[{"embeddable":true,"href":"http:\/\/www.radsport-boostedt.de\/wordpress\/wp-json\/wp\/v2\/users\/6"}],"replies":[{"embeddable":true,"href":"http:\/\/www.radsport-boostedt.de\/wordpress\/wp-json\/wp\/v2\/comments?post=1355"}],"version-history":[{"count":5,"href":"http:\/\/www.radsport-boostedt.de\/wordpress\/wp-json\/wp\/v2\/posts\/1355\/revisions"}],"predecessor-version":[{"id":1360,"href":"http:\/\/www.radsport-boostedt.de\/wordpress\/wp-json\/wp\/v2\/posts\/1355\/revisions\/1360"}],"wp:attachment":[{"href":"http:\/\/www.radsport-boostedt.de\/wordpress\/wp-json\/wp\/v2\/media?parent=1355"}],"wp:term":[{"taxonomy":"category","embeddable":true,"href":"http:\/\/www.radsport-boostedt.de\/wordpress\/wp-json\/wp\/v2\/categories?post=1355"},{"taxonomy":"post_tag","embeddable":true,"href":"http:\/\/www.radsport-boostedt.de\/wordpress\/wp-json\/wp\/v2\/tags?post=1355"}],"curies":[{"name":"wp","href":"https:\/\/api.w.org\/{rel}","templated":true}]}}